{"id":9605,"date":"2023-11-04T12:00:56","date_gmt":"2023-11-04T11:00:56","guid":{"rendered":"https:\/\/noborderseurocup.com\/non-categorizzato\/ea7-emporio-armani-milano-zudek-no-borders-cup-2023\/"},"modified":"2024-10-23T12:36:06","modified_gmt":"2024-10-23T10:36:06","slug":"ea7-emporio-armani-milano-zudek-no-borders-cup-2023","status":"publish","type":"post","link":"https:\/\/noborderseurocup.com\/sl\/news-sl\/ea7-emporio-armani-milano-zudek-no-borders-cup-2023\/","title":{"rendered":"EA7 Emporio Armani Milano &#8211; Zudek No Borders Cup 2023"},"content":{"rendered":"<style>.elementor-9605 .elementor-element.elementor-element-62762d1{margin-top:0px;margin-bottom:30px;}<\/style>\t\t<div data-elementor-type=\"wp-post\" data-elementor-id=\"9605\" class=\"elementor elementor-9605 elementor-7454\" data-elementor-post-type=\"post\">\n\t\t\t\t\t\t<section class=\"elementor-section elementor-top-section elementor-element elementor-element-62762d1 elementor-section-boxed elementor-section-height-default elementor-section-height-default\" data-id=\"62762d1\" data-element_type=\"section\" data-e-type=\"section\">\n\t\t\t\t\t\t<div class=\"elementor-container elementor-column-gap-default\">\n\t\t\t\t\t<div class=\"elementor-column elementor-col-100 elementor-top-column elementor-element elementor-element-1e60d5f\" data-id=\"1e60d5f\" data-element_type=\"column\" data-e-type=\"column\">\n\t\t\t<div class=\"elementor-widget-wrap elementor-element-populated\">\n\t\t\t\t\t\t<div class=\"elementor-element elementor-element-6cfbd9e elementor-widget elementor-widget-image\" data-id=\"6cfbd9e\" data-element_type=\"widget\" data-e-type=\"widget\" data-widget_type=\"image.default\">\n\t\t\t\t<div class=\"elementor-widget-container\">\n\t\t\t\t\t\t\t\t\t\t\t\t\t\t\t<img fetchpriority=\"high\" width=\"800\" height=\"1000\" src=\"https:\/\/noborderseurocup.com\/wp-content\/uploads\/2023\/11\/armani-rosterOK-1-scaled-1-819x1024.jpeg\" class=\"attachment-large size-large wp-image-8655\" alt=\"\" decoding=\"async\" srcset=\"https:\/\/noborderseurocup.com\/wp-content\/uploads\/2023\/11\/armani-rosterOK-1-scaled-1-819x1024.jpeg 819w, https:\/\/noborderseurocup.com\/wp-content\/uploads\/2023\/11\/armani-rosterOK-1-scaled-1-240x300.jpeg 240w, https:\/\/noborderseurocup.com\/wp-content\/uploads\/2023\/11\/armani-rosterOK-1-scaled-1-768x960.jpeg 768w, https:\/\/noborderseurocup.com\/wp-content\/uploads\/2023\/11\/armani-rosterOK-1-scaled-1-1229x1536.jpeg 1229w, https:\/\/noborderseurocup.com\/wp-content\/uploads\/2023\/11\/armani-rosterOK-1-scaled-1-1638x2048.jpeg 1638w, https:\/\/noborderseurocup.com\/wp-content\/uploads\/2023\/11\/armani-rosterOK-1-scaled-1-102x128.jpeg 102w, https:\/\/noborderseurocup.com\/wp-content\/uploads\/2023\/11\/armani-rosterOK-1-scaled-1-26x32.jpeg 26w, https:\/\/noborderseurocup.com\/wp-content\/uploads\/2023\/11\/armani-rosterOK-1-scaled-1.jpeg 2048w\" sizes=\"(max-width: 800px) 100vw, 800px\" \/>\t\t\t\t\t\t\t\t\t\t\t\t\t\t\t<\/div>\n\t\t\t\t<\/div>\n\t\t\t\t\t<\/div>\n\t\t<\/div>\n\t\t\t\t\t<\/div>\n\t\t<\/section>\n\t\t\t\t<section class=\"elementor-section elementor-top-section elementor-element elementor-element-7823986 elementor-section-boxed elementor-section-height-default elementor-section-height-default\" data-id=\"7823986\" data-element_type=\"section\" data-e-type=\"section\">\n\t\t\t\t\t\t<div class=\"elementor-container elementor-column-gap-default\">\n\t\t\t\t\t<div class=\"elementor-column elementor-col-100 elementor-top-column elementor-element elementor-element-bcaba53\" data-id=\"bcaba53\" data-element_type=\"column\" data-e-type=\"column\">\n\t\t\t<div class=\"elementor-widget-wrap elementor-element-populated\">\n\t\t\t\t\t\t<div class=\"elementor-element elementor-element-2fcbcbd elementor-widget elementor-widget-text-editor\" data-id=\"2fcbcbd\" data-element_type=\"widget\" data-e-type=\"widget\" data-widget_type=\"text-editor.default\">\n\t\t\t\t<div class=\"elementor-widget-container\">\n\t\t\t\t\t\t\t\t\t<p><strong>Se \u017ee veseli\u0161 vrnitve na drugo izvedbo evropskega pokala Zudek No Borders?<\/strong><br \/>\nVeseli nas, da bomo lahko ponovno sodelovali na evropskem pokalu Zudek No Borders Euro Cup. Zadnja izvedba je bila za nas eden od vrhuncev sezone, zato se veselimo vrnitve na ta dogodek.<\/p>\n<p><strong>Ali menite, da je to pomemben turnir na evropskem prizori\u0161\u010du?<br \/>\n<\/strong> Zagotovo je to eden najbolj\u0161ih turnirjev na evropski sceni, tako z vidika ravni ekip kot kakovosti organizacije. Verjamemo, da je zdaj to prizori\u0161\u010de, ki si ga \u017eelijo vse najbolj\u0161e mladinske ekipe v Evropi.<\/p>\n<p><strong>Kak\u0161na so va\u0161a pri\u010dakovanja?<\/strong><br \/>\nVemo, da bo raven turnirja zelo visoka, na\u0161 cilj pa je vedno biti konkuren\u010den. Tekmovanje s tovrstnimi ekipami nam omogo\u010da, da postavimo visoko letvico najbolj\u0161im mladinskim ekipam v Evropi, kar je tudi na\u0161 cilj. Ta dogodek bomo do\u017eiveli z \u017eeljo po tekmovanju in radovednostjo, da vidimo, kako dale\u010d smo od najbolj\u0161ih v Evropi.<\/p>\n<p><strong>Ali je v va\u0161i ekipi kdo, za katerega menite, da bi lahko postal pomemben igralec?<\/strong><br \/>\nTe\u017eko je na\u0161teti imena. Trudimo se, da bi vsi na\u0161i \u0161portniki dosegli najvi\u0161jo mo\u017eno raven. V skupini imamo veliko fantov, ki delajo velike korake, in upamo, da bodo \u0161tevilni od njih \u010dez nekaj let stopali po parketu.<\/p>\n<p><strong>Koliko treningov imajo fantje na teden in koliko tekem odigrajo?<\/strong> Fantje imajo v povpre\u010dju pet treningov na teden, na katerih posku\u0161amo poskrbeti tako za individualne tehni\u010dne in fizi\u010dne vidike kot tudi za timsko delo. Kar zadeva tekme, imamo nekatere igralce, ki sodelujejo v ve\u010d kot eni ligi, in druge, ki imajo le eno tedensko obveznost. Zato so tedenski programi v najve\u010dji mo\u017eni meri zasnovani na individualnih potrebah vsakega igralca.<\/p>\n<p>&nbsp;<\/p>\n\t\t\t\t\t\t\t\t<\/div>\n\t\t\t\t<\/div>\n\t\t\t\t\t<\/div>\n\t\t<\/div>\n\t\t\t\t\t<\/div>\n\t\t<\/section>\n\t\t\t\t<\/div>\n\t\t","protected":false},"excerpt":{"rendered":"<p>Se \u017ee veseli\u0161 vrnitve na drugo izvedbo evropskega pokala Zudek No Borders? Veseli nas, da bomo lahko ponovno sodelovali na evropskem pokalu Zudek No Borders Euro Cup. Zadnja izvedba je bila za nas eden od vrhuncev sezone, zato se veselimo vrnitve na ta dogodek. Ali menite, da je to pomemben turnir na evropskem prizori\u0161\u010du? Zagotovo [&hellip;]<\/p>\n","protected":false},"author":2,"featured_media":8653,"comment_status":"closed","ping_status":"closed","sticky":false,"template":"","format":"standard","meta":{"footnotes":""},"categories":[44],"tags":[],"class_list":["post-9605","post","type-post","status-publish","format-standard","has-post-thumbnail","hentry","category-news-sl"],"yoast_head":"<!-- This site is optimized with the Yoast SEO plugin v27.2 - https:\/\/yoast.com\/product\/yoast-seo-wordpress\/ -->\n<title>EA7 Emporio Armani Milano - Zudek No Borders Cup 2023<\/title>\n<meta name=\"robots\" content=\"index, follow, max-snippet:-1, max-image-preview:large, max-video-preview:-1\" \/>\n<link rel=\"canonical\" href=\"https:\/\/noborderseurocup.com\/sl\/news-sl\/ea7-emporio-armani-milano-zudek-no-borders-cup-2023\/\" \/>\n<meta property=\"og:locale\" content=\"sl_SI\" \/>\n<meta property=\"og:type\" content=\"article\" \/>\n<meta property=\"og:title\" content=\"EA7 Emporio Armani Milano - Zudek No Borders Cup 2023\" \/>\n<meta property=\"og:description\" content=\"Se \u017ee veseli\u0161 vrnitve na drugo izvedbo evropskega pokala Zudek No Borders? Veseli nas, da bomo lahko ponovno sodelovali na evropskem pokalu Zudek No Borders Euro Cup. Zadnja izvedba je bila za nas eden od vrhuncev sezone, zato se veselimo vrnitve na ta dogodek. Ali menite, da je to pomemben turnir na evropskem prizori\u0161\u010du? Zagotovo [&hellip;]\" \/>\n<meta property=\"og:url\" content=\"https:\/\/noborderseurocup.com\/sl\/news-sl\/ea7-emporio-armani-milano-zudek-no-borders-cup-2023\/\" \/>\n<meta property=\"og:site_name\" content=\"No Borders Euro Cup\" \/>\n<meta property=\"article:publisher\" content=\"https:\/\/facebook.com\/people\/No-Borders-Euro-Cup\/61566675292286\/\" \/>\n<meta property=\"article:published_time\" content=\"2023-11-04T11:00:56+00:00\" \/>\n<meta property=\"article:modified_time\" content=\"2024-10-23T10:36:06+00:00\" \/>\n<meta property=\"og:image\" content=\"https:\/\/noborderseurocup.com\/wp-content\/uploads\/2023\/11\/Armani-Milano-Resized-min.jpg\" \/>\n\t<meta property=\"og:image:width\" content=\"1600\" \/>\n\t<meta property=\"og:image:height\" content=\"1066\" \/>\n\t<meta property=\"og:image:type\" content=\"image\/jpeg\" \/>\n<meta name=\"author\" content=\"Peter S\" \/>\n<meta name=\"twitter:card\" content=\"summary_large_image\" \/>\n<meta name=\"twitter:label1\" content=\"Written by\" \/>\n\t<meta name=\"twitter:data1\" content=\"Peter S\" \/>\n\t<meta name=\"twitter:label2\" content=\"Est. reading time\" \/>\n\t<meta name=\"twitter:data2\" content=\"1 minuta\" \/>\n<script type=\"application\/ld+json\" class=\"yoast-schema-graph\">{\"@context\":\"https:\/\/schema.org\",\"@graph\":[{\"@type\":\"Article\",\"@id\":\"https:\/\/noborderseurocup.com\/sl\/news-sl\/ea7-emporio-armani-milano-zudek-no-borders-cup-2023\/#article\",\"isPartOf\":{\"@id\":\"https:\/\/noborderseurocup.com\/sl\/news-sl\/ea7-emporio-armani-milano-zudek-no-borders-cup-2023\/\"},\"author\":{\"name\":\"Peter S\",\"@id\":\"https:\/\/noborderseurocup.com\/sl\/#\/schema\/person\/b0e75d051349fd6dc24621f478a96a84\"},\"headline\":\"EA7 Emporio Armani Milano &#8211; Zudek No Borders Cup 2023\",\"datePublished\":\"2023-11-04T11:00:56+00:00\",\"dateModified\":\"2024-10-23T10:36:06+00:00\",\"mainEntityOfPage\":{\"@id\":\"https:\/\/noborderseurocup.com\/sl\/news-sl\/ea7-emporio-armani-milano-zudek-no-borders-cup-2023\/\"},\"wordCount\":299,\"publisher\":{\"@id\":\"https:\/\/noborderseurocup.com\/sl\/#organization\"},\"image\":{\"@id\":\"https:\/\/noborderseurocup.com\/sl\/news-sl\/ea7-emporio-armani-milano-zudek-no-borders-cup-2023\/#primaryimage\"},\"thumbnailUrl\":\"https:\/\/noborderseurocup.com\/wp-content\/uploads\/2023\/11\/Armani-Milano-Resized-min.jpg\",\"articleSection\":[\"News\"],\"inLanguage\":\"sl-SI\"},{\"@type\":\"WebPage\",\"@id\":\"https:\/\/noborderseurocup.com\/sl\/news-sl\/ea7-emporio-armani-milano-zudek-no-borders-cup-2023\/\",\"url\":\"https:\/\/noborderseurocup.com\/sl\/news-sl\/ea7-emporio-armani-milano-zudek-no-borders-cup-2023\/\",\"name\":\"EA7 Emporio Armani Milano - Zudek No Borders Cup 2023\",\"isPartOf\":{\"@id\":\"https:\/\/noborderseurocup.com\/sl\/#website\"},\"primaryImageOfPage\":{\"@id\":\"https:\/\/noborderseurocup.com\/sl\/news-sl\/ea7-emporio-armani-milano-zudek-no-borders-cup-2023\/#primaryimage\"},\"image\":{\"@id\":\"https:\/\/noborderseurocup.com\/sl\/news-sl\/ea7-emporio-armani-milano-zudek-no-borders-cup-2023\/#primaryimage\"},\"thumbnailUrl\":\"https:\/\/noborderseurocup.com\/wp-content\/uploads\/2023\/11\/Armani-Milano-Resized-min.jpg\",\"datePublished\":\"2023-11-04T11:00:56+00:00\",\"dateModified\":\"2024-10-23T10:36:06+00:00\",\"breadcrumb\":{\"@id\":\"https:\/\/noborderseurocup.com\/sl\/news-sl\/ea7-emporio-armani-milano-zudek-no-borders-cup-2023\/#breadcrumb\"},\"inLanguage\":\"sl-SI\",\"potentialAction\":[{\"@type\":\"ReadAction\",\"target\":[\"https:\/\/noborderseurocup.com\/sl\/news-sl\/ea7-emporio-armani-milano-zudek-no-borders-cup-2023\/\"]}]},{\"@type\":\"ImageObject\",\"inLanguage\":\"sl-SI\",\"@id\":\"https:\/\/noborderseurocup.com\/sl\/news-sl\/ea7-emporio-armani-milano-zudek-no-borders-cup-2023\/#primaryimage\",\"url\":\"https:\/\/noborderseurocup.com\/wp-content\/uploads\/2023\/11\/Armani-Milano-Resized-min.jpg\",\"contentUrl\":\"https:\/\/noborderseurocup.com\/wp-content\/uploads\/2023\/11\/Armani-Milano-Resized-min.jpg\",\"width\":1600,\"height\":1066},{\"@type\":\"BreadcrumbList\",\"@id\":\"https:\/\/noborderseurocup.com\/sl\/news-sl\/ea7-emporio-armani-milano-zudek-no-borders-cup-2023\/#breadcrumb\",\"itemListElement\":[{\"@type\":\"ListItem\",\"position\":1,\"name\":\"Home\",\"item\":\"https:\/\/noborderseurocup.com\/sl\/\"},{\"@type\":\"ListItem\",\"position\":2,\"name\":\"EA7 Emporio Armani Milano &#8211; Zudek No Borders Cup 2023\"}]},{\"@type\":\"WebSite\",\"@id\":\"https:\/\/noborderseurocup.com\/sl\/#website\",\"url\":\"https:\/\/noborderseurocup.com\/sl\/\",\"name\":\"No Borders Euro Cup - Official Page of the Tournament\",\"description\":\"\",\"publisher\":{\"@id\":\"https:\/\/noborderseurocup.com\/sl\/#organization\"},\"potentialAction\":[{\"@type\":\"SearchAction\",\"target\":{\"@type\":\"EntryPoint\",\"urlTemplate\":\"https:\/\/noborderseurocup.com\/sl\/?s={search_term_string}\"},\"query-input\":{\"@type\":\"PropertyValueSpecification\",\"valueRequired\":true,\"valueName\":\"search_term_string\"}}],\"inLanguage\":\"sl-SI\"},{\"@type\":\"Organization\",\"@id\":\"https:\/\/noborderseurocup.com\/sl\/#organization\",\"name\":\"NBEC - No Borders Euro Cup\",\"url\":\"https:\/\/noborderseurocup.com\/sl\/\",\"logo\":{\"@type\":\"ImageObject\",\"inLanguage\":\"sl-SI\",\"@id\":\"https:\/\/noborderseurocup.com\/sl\/#\/schema\/logo\/image\/\",\"url\":\"https:\/\/noborderseurocup.com\/wp-content\/uploads\/2024\/10\/noborderseurocup-logo-shadow-1-600w.png\",\"contentUrl\":\"https:\/\/noborderseurocup.com\/wp-content\/uploads\/2024\/10\/noborderseurocup-logo-shadow-1-600w.png\",\"width\":600,\"height\":908,\"caption\":\"NBEC - No Borders Euro Cup\"},\"image\":{\"@id\":\"https:\/\/noborderseurocup.com\/sl\/#\/schema\/logo\/image\/\"},\"sameAs\":[\"https:\/\/facebook.com\/people\/No-Borders-Euro-Cup\/61566675292286\/\",\"https:\/\/www.instagram.com\/noborderseurocupofficial\/\"]},{\"@type\":\"Person\",\"@id\":\"https:\/\/noborderseurocup.com\/sl\/#\/schema\/person\/b0e75d051349fd6dc24621f478a96a84\",\"name\":\"Peter S\",\"image\":{\"@type\":\"ImageObject\",\"inLanguage\":\"sl-SI\",\"@id\":\"https:\/\/secure.gravatar.com\/avatar\/e6e1a0c186194a667be690c3f445849a228a3dcc41aa040814ad51ed8c6441e3?s=96&d=mm&r=g\",\"url\":\"https:\/\/secure.gravatar.com\/avatar\/e6e1a0c186194a667be690c3f445849a228a3dcc41aa040814ad51ed8c6441e3?s=96&d=mm&r=g\",\"contentUrl\":\"https:\/\/secure.gravatar.com\/avatar\/e6e1a0c186194a667be690c3f445849a228a3dcc41aa040814ad51ed8c6441e3?s=96&d=mm&r=g\",\"caption\":\"Peter S\"},\"url\":\"https:\/\/noborderseurocup.com\/sl\/author\/petersnbec\/\"}]}<\/script>\n<!-- \/ Yoast SEO plugin. -->","yoast_head_json":{"title":"EA7 Emporio Armani Milano - Zudek No Borders Cup 2023","robots":{"index":"index","follow":"follow","max-snippet":"max-snippet:-1","max-image-preview":"max-image-preview:large","max-video-preview":"max-video-preview:-1"},"canonical":"https:\/\/noborderseurocup.com\/sl\/news-sl\/ea7-emporio-armani-milano-zudek-no-borders-cup-2023\/","og_locale":"sl_SI","og_type":"article","og_title":"EA7 Emporio Armani Milano - Zudek No Borders Cup 2023","og_description":"Se \u017ee veseli\u0161 vrnitve na drugo izvedbo evropskega pokala Zudek No Borders? Veseli nas, da bomo lahko ponovno sodelovali na evropskem pokalu Zudek No Borders Euro Cup. Zadnja izvedba je bila za nas eden od vrhuncev sezone, zato se veselimo vrnitve na ta dogodek. Ali menite, da je to pomemben turnir na evropskem prizori\u0161\u010du? Zagotovo [&hellip;]","og_url":"https:\/\/noborderseurocup.com\/sl\/news-sl\/ea7-emporio-armani-milano-zudek-no-borders-cup-2023\/","og_site_name":"No Borders Euro Cup","article_publisher":"https:\/\/facebook.com\/people\/No-Borders-Euro-Cup\/61566675292286\/","article_published_time":"2023-11-04T11:00:56+00:00","article_modified_time":"2024-10-23T10:36:06+00:00","og_image":[{"width":1600,"height":1066,"url":"https:\/\/noborderseurocup.com\/wp-content\/uploads\/2023\/11\/Armani-Milano-Resized-min.jpg","type":"image\/jpeg"}],"author":"Peter S","twitter_card":"summary_large_image","twitter_misc":{"Written by":"Peter S","Est. reading time":"1 minuta"},"schema":{"@context":"https:\/\/schema.org","@graph":[{"@type":"Article","@id":"https:\/\/noborderseurocup.com\/sl\/news-sl\/ea7-emporio-armani-milano-zudek-no-borders-cup-2023\/#article","isPartOf":{"@id":"https:\/\/noborderseurocup.com\/sl\/news-sl\/ea7-emporio-armani-milano-zudek-no-borders-cup-2023\/"},"author":{"name":"Peter S","@id":"https:\/\/noborderseurocup.com\/sl\/#\/schema\/person\/b0e75d051349fd6dc24621f478a96a84"},"headline":"EA7 Emporio Armani Milano &#8211; Zudek No Borders Cup 2023","datePublished":"2023-11-04T11:00:56+00:00","dateModified":"2024-10-23T10:36:06+00:00","mainEntityOfPage":{"@id":"https:\/\/noborderseurocup.com\/sl\/news-sl\/ea7-emporio-armani-milano-zudek-no-borders-cup-2023\/"},"wordCount":299,"publisher":{"@id":"https:\/\/noborderseurocup.com\/sl\/#organization"},"image":{"@id":"https:\/\/noborderseurocup.com\/sl\/news-sl\/ea7-emporio-armani-milano-zudek-no-borders-cup-2023\/#primaryimage"},"thumbnailUrl":"https:\/\/noborderseurocup.com\/wp-content\/uploads\/2023\/11\/Armani-Milano-Resized-min.jpg","articleSection":["News"],"inLanguage":"sl-SI"},{"@type":"WebPage","@id":"https:\/\/noborderseurocup.com\/sl\/news-sl\/ea7-emporio-armani-milano-zudek-no-borders-cup-2023\/","url":"https:\/\/noborderseurocup.com\/sl\/news-sl\/ea7-emporio-armani-milano-zudek-no-borders-cup-2023\/","name":"EA7 Emporio Armani Milano - Zudek No Borders Cup 2023","isPartOf":{"@id":"https:\/\/noborderseurocup.com\/sl\/#website"},"primaryImageOfPage":{"@id":"https:\/\/noborderseurocup.com\/sl\/news-sl\/ea7-emporio-armani-milano-zudek-no-borders-cup-2023\/#primaryimage"},"image":{"@id":"https:\/\/noborderseurocup.com\/sl\/news-sl\/ea7-emporio-armani-milano-zudek-no-borders-cup-2023\/#primaryimage"},"thumbnailUrl":"https:\/\/noborderseurocup.com\/wp-content\/uploads\/2023\/11\/Armani-Milano-Resized-min.jpg","datePublished":"2023-11-04T11:00:56+00:00","dateModified":"2024-10-23T10:36:06+00:00","breadcrumb":{"@id":"https:\/\/noborderseurocup.com\/sl\/news-sl\/ea7-emporio-armani-milano-zudek-no-borders-cup-2023\/#breadcrumb"},"inLanguage":"sl-SI","potentialAction":[{"@type":"ReadAction","target":["https:\/\/noborderseurocup.com\/sl\/news-sl\/ea7-emporio-armani-milano-zudek-no-borders-cup-2023\/"]}]},{"@type":"ImageObject","inLanguage":"sl-SI","@id":"https:\/\/noborderseurocup.com\/sl\/news-sl\/ea7-emporio-armani-milano-zudek-no-borders-cup-2023\/#primaryimage","url":"https:\/\/noborderseurocup.com\/wp-content\/uploads\/2023\/11\/Armani-Milano-Resized-min.jpg","contentUrl":"https:\/\/noborderseurocup.com\/wp-content\/uploads\/2023\/11\/Armani-Milano-Resized-min.jpg","width":1600,"height":1066},{"@type":"BreadcrumbList","@id":"https:\/\/noborderseurocup.com\/sl\/news-sl\/ea7-emporio-armani-milano-zudek-no-borders-cup-2023\/#breadcrumb","itemListElement":[{"@type":"ListItem","position":1,"name":"Home","item":"https:\/\/noborderseurocup.com\/sl\/"},{"@type":"ListItem","position":2,"name":"EA7 Emporio Armani Milano &#8211; Zudek No Borders Cup 2023"}]},{"@type":"WebSite","@id":"https:\/\/noborderseurocup.com\/sl\/#website","url":"https:\/\/noborderseurocup.com\/sl\/","name":"No Borders Euro Cup - Official Page of the Tournament","description":"","publisher":{"@id":"https:\/\/noborderseurocup.com\/sl\/#organization"},"potentialAction":[{"@type":"SearchAction","target":{"@type":"EntryPoint","urlTemplate":"https:\/\/noborderseurocup.com\/sl\/?s={search_term_string}"},"query-input":{"@type":"PropertyValueSpecification","valueRequired":true,"valueName":"search_term_string"}}],"inLanguage":"sl-SI"},{"@type":"Organization","@id":"https:\/\/noborderseurocup.com\/sl\/#organization","name":"NBEC - No Borders Euro Cup","url":"https:\/\/noborderseurocup.com\/sl\/","logo":{"@type":"ImageObject","inLanguage":"sl-SI","@id":"https:\/\/noborderseurocup.com\/sl\/#\/schema\/logo\/image\/","url":"https:\/\/noborderseurocup.com\/wp-content\/uploads\/2024\/10\/noborderseurocup-logo-shadow-1-600w.png","contentUrl":"https:\/\/noborderseurocup.com\/wp-content\/uploads\/2024\/10\/noborderseurocup-logo-shadow-1-600w.png","width":600,"height":908,"caption":"NBEC - No Borders Euro Cup"},"image":{"@id":"https:\/\/noborderseurocup.com\/sl\/#\/schema\/logo\/image\/"},"sameAs":["https:\/\/facebook.com\/people\/No-Borders-Euro-Cup\/61566675292286\/","https:\/\/www.instagram.com\/noborderseurocupofficial\/"]},{"@type":"Person","@id":"https:\/\/noborderseurocup.com\/sl\/#\/schema\/person\/b0e75d051349fd6dc24621f478a96a84","name":"Peter S","image":{"@type":"ImageObject","inLanguage":"sl-SI","@id":"https:\/\/secure.gravatar.com\/avatar\/e6e1a0c186194a667be690c3f445849a228a3dcc41aa040814ad51ed8c6441e3?s=96&d=mm&r=g","url":"https:\/\/secure.gravatar.com\/avatar\/e6e1a0c186194a667be690c3f445849a228a3dcc41aa040814ad51ed8c6441e3?s=96&d=mm&r=g","contentUrl":"https:\/\/secure.gravatar.com\/avatar\/e6e1a0c186194a667be690c3f445849a228a3dcc41aa040814ad51ed8c6441e3?s=96&d=mm&r=g","caption":"Peter S"},"url":"https:\/\/noborderseurocup.com\/sl\/author\/petersnbec\/"}]}},"_links":{"self":[{"href":"https:\/\/noborderseurocup.com\/sl\/wp-json\/wp\/v2\/posts\/9605","targetHints":{"allow":["GET"]}}],"collection":[{"href":"https:\/\/noborderseurocup.com\/sl\/wp-json\/wp\/v2\/posts"}],"about":[{"href":"https:\/\/noborderseurocup.com\/sl\/wp-json\/wp\/v2\/types\/post"}],"author":[{"embeddable":true,"href":"https:\/\/noborderseurocup.com\/sl\/wp-json\/wp\/v2\/users\/2"}],"replies":[{"embeddable":true,"href":"https:\/\/noborderseurocup.com\/sl\/wp-json\/wp\/v2\/comments?post=9605"}],"version-history":[{"count":1,"href":"https:\/\/noborderseurocup.com\/sl\/wp-json\/wp\/v2\/posts\/9605\/revisions"}],"predecessor-version":[{"id":9606,"href":"https:\/\/noborderseurocup.com\/sl\/wp-json\/wp\/v2\/posts\/9605\/revisions\/9606"}],"wp:featuredmedia":[{"embeddable":true,"href":"https:\/\/noborderseurocup.com\/sl\/wp-json\/wp\/v2\/media\/8653"}],"wp:attachment":[{"href":"https:\/\/noborderseurocup.com\/sl\/wp-json\/wp\/v2\/media?parent=9605"}],"wp:term":[{"taxonomy":"category","embeddable":true,"href":"https:\/\/noborderseurocup.com\/sl\/wp-json\/wp\/v2\/categories?post=9605"},{"taxonomy":"post_tag","embeddable":true,"href":"https:\/\/noborderseurocup.com\/sl\/wp-json\/wp\/v2\/tags?post=9605"}],"curies":[{"name":"wp","href":"https:\/\/api.w.org\/{rel}","templated":true}]}}